[{"@context":"https:\/\/schema.org\/","@type":"Article","@id":"https:\/\/www.hcnv.cz\/co-muzeme-delat-pro-svou-krasu\/#Article","mainEntityOfPage":"https:\/\/www.hcnv.cz\/co-muzeme-delat-pro-svou-krasu\/","headline":"Co m\u016f\u017eeme d\u011blat pro svou kr\u00e1su?","name":"Co m\u016f\u017eeme d\u011blat pro svou kr\u00e1su?","description":"Ka\u017ed\u00fd z n\u00e1s chce vypadat kr\u00e1sn\u011b, a hlavn\u011b se tak c\u00edtit. Tak pro\u010d si to...","datePublished":"2019-05-16","dateModified":"2023-05-01","author":{"@type":"Person","@id":"https:\/\/www.hcnv.cz\/author\/#Person","name":"hcnv.cz\n","url":"https:\/\/www.hcnv.cz\/author\/","identifier":1,"image":{"@type":"ImageObject","@id":"https:\/\/secure.gravatar.com\/avatar\/5667bceccdce92893bac6a7981a373152a8b3fa0ab99c198ba0ac0b49a934248?s=96&d=mm&r=g","url":"https:\/\/secure.gravatar.com\/avatar\/5667bceccdce92893bac6a7981a373152a8b3fa0ab99c198ba0ac0b49a934248?s=96&d=mm&r=g","height":96,"width":96}},"publisher":{"@type":"Organization","name":"hcnv.cz","logo":{"@type":"ImageObject","@id":"\/logo.png","url":"\/logo.png","width":600,"height":60}},"image":{"@type":"ImageObject","@id":"https:\/\/www.hcnv.cz\/wp-content\/uploads\/img_a344900_w2169_t1558693584.jpg","url":"https:\/\/www.hcnv.cz\/wp-content\/uploads\/img_a344900_w2169_t1558693584.jpg","height":0,"width":0},"url":"https:\/\/www.hcnv.cz\/co-muzeme-delat-pro-svou-krasu\/","about":["Kr\u00e1sa"],"wordCount":445,"articleBody":"Ka\u017ed\u00fd z n\u00e1s chce vypadat kr\u00e1sn\u011b, a hlavn\u011b se tak c\u00edtit. Tak pro\u010d si to nedop\u0159\u00e1t? Ka\u017ed\u00fd jsme ve sv\u00e9 podstat\u011b kr\u00e1sn\u00fd, a\u0165 u\u017e zevnit\u0159 nebo zvenku. V\u011bt\u0161inou b\u00fdv\u00e1 pravidlem, \u017ee ti, co jsou hezc\u00ed navenek, jsou \u0161patn\u00ed zevnit\u0159 a naopak. Je n\u00e1m to velkou z\u00e1hadou, ov\u0161em nen\u00ed to jist\u00fdm pravidlem. Pojem kr\u00e1sa si ka\u017ed\u00fd z n\u00e1s m\u016f\u017ee p\u0159edstavit \u00fapln\u011b jinak. Pro n\u011bkter\u00e9 je kr\u00e1sa pouze vzhled a pro jin\u00e9 je kr\u00e1sou nitro, povaha, zkr\u00e1tka to, jak\u00fd je \u010dlov\u011bk uvnit\u0159.\t\tO vn\u011bj\u0161\u00ed kr\u00e1su se m\u016f\u017eeme postarat my sami. Ku p\u0159\u00edkladu t\u00edm, \u017ee se ka\u017ed\u00e9 r\u00e1no budeme mazat kr\u00e9mem, a to hlavn\u011b v\u00a0l\u00e9t\u011b, kdy se t\u00edm i ochr\u00e1n\u00edme p\u0159ed sp\u00e1len\u00edm od slun\u00ed\u010dka. D\u00edvky pou\u017e\u00edvaj\u00ed make-up, tv\u00e1\u0159enky, \u0159asenky, rt\u011bnky ke sv\u00e9mu zkr\u00e1\u0161len\u00ed. Sta\u010d\u00ed kdy\u017e si tyto v\u011bci d\u00e1te jen tak, aby to vypadalo p\u0159irozen\u011b. Hlavn\u011b ne \u017e\u00e1dn\u00e9 extr\u00e9my. Kdy\u017e u\u017e jste nenal\u00ed\u010den\u00e9, tak a\u0165 nevypad\u00e1te \u00fapln\u011b jinak, ne\u017e kdy\u017e se nal\u00ed\u010d\u00edte. Opravdu nen\u00ed zapot\u0159eb\u00ed na sebe d\u00e1vat tunu t\u011bchto zkr\u00e1\u0161lovadel.\t\u00a0\tS\u00a0vnit\u0159n\u00ed kr\u00e1sou se u\u017e \u010dlov\u011bk narod\u00ed. Ale jsou i tac\u00ed, kte\u0159\u00ed na tuto kr\u00e1su sami p\u0159i\u0161li a vysp\u011bli. Mysl\u00edm si, \u017ee m\u00edt n\u011bkoho v\u00a0okol\u00ed, nebo l\u00e9pe b\u00fdt j\u00edm s\u00e1m, je v\u00fdhodn\u00e9. B\u00fdt \u010dlov\u011bkem, kter\u00fd m\u00e1 srdce na spr\u00e1vn\u00e9m m\u00edst\u011b, v\u017edy v\u00e1m porad\u00ed a je moc laskav\u00fd, ale i ten, kter\u00fd se dok\u00e1\u017ee ozvat, pokud se mu n\u011bco nel\u00edb\u00ed.\t\tZ\u00e1kladem b\u011b\u017en\u00e9ho \u017eivota, souvisej\u00edc\u00edho s\u00a0kr\u00e1sou, je hygiena. Jeliko\u017e bychom m\u011bli o sebe po\u0159\u00e1d db\u00e1t, m\u011bli bychom ji striktn\u011b dodr\u017eovat. Ka\u017ed\u00fd den se um\u00fdt, \u010distit zuby, obstarat si prost\u0159edky proti p\u0159\u00edrodn\u00edmu z\u00e1pachu, m\u00edt \u010dist\u00e9 a neponi\u010den\u00e9 oble\u010den\u00ed atd. Neupraven\u00fd \u010dlov\u011bk by nem\u011bl co pohled\u00e1vat na ulici. Ale to je v\u011bc\u00ed ka\u017ed\u00e9ho, a\u0165 si chod\u00ed, jak chce, ale on nakonec bude t\u00edm, na kter\u00e9ho si budou ostatn\u00ed ukazovat prstem.\t\u00a0\tPro ka\u017ed\u00e9ho z\u00a0n\u00e1s by byl naprost\u00fd ide\u00e1l, kdybychom m\u011bli jak vnit\u0159n\u00ed, tak i vn\u011bj\u0161\u00ed kr\u00e1su. Bohu\u017eel nikdo nen\u00ed dokonal\u00fd, ka\u017ed\u00fd m\u00e1me sv\u00e9 mouchy, jak se \u0159\u00edk\u00e1. I p\u0159esto je ka\u017ed\u00fd origin\u00e1l.                                                                                                                                                                                                                                                                                                                                                                                        4.5\/5 - (4 votes)        "},{"@context":"https:\/\/schema.org\/","@type":"BreadcrumbList","itemListElement":[{"@type":"ListItem","position":1,"name":"Co m\u016f\u017eeme d\u011blat pro svou kr\u00e1su?","item":"https:\/\/www.hcnv.cz\/co-muzeme-delat-pro-svou-krasu\/#breadcrumbitem"}]}]