[{"@context":"https:\/\/schema.org\/","@type":"Article","@id":"https:\/\/www.hcnv.cz\/nova-technologie-pro-chytre-parkovani-ve-mestech\/#Article","mainEntityOfPage":"https:\/\/www.hcnv.cz\/nova-technologie-pro-chytre-parkovani-ve-mestech\/","headline":"Nov\u00e1 technologie pro chytr\u00e9 parkov\u00e1n\u00ed ve m\u011bstech","name":"Nov\u00e1 technologie pro chytr\u00e9 parkov\u00e1n\u00ed ve m\u011bstech","description":"Kdy\u017e nen\u00ed kde zaparkovat, mus\u00edte popoj\u00ed\u017ed\u011bt sem a tam, hledat n\u011bjakou volnou skulinu a ztr\u00e1c\u00edte...","datePublished":"2025-02-26","dateModified":"2023-05-01","author":{"@type":"Person","@id":"https:\/\/www.hcnv.cz\/author\/#Person","name":"hcnv.cz\n","url":"https:\/\/www.hcnv.cz\/author\/","identifier":1,"image":{"@type":"ImageObject","@id":"https:\/\/secure.gravatar.com\/avatar\/5667bceccdce92893bac6a7981a373152a8b3fa0ab99c198ba0ac0b49a934248?s=96&d=mm&r=g","url":"https:\/\/secure.gravatar.com\/avatar\/5667bceccdce92893bac6a7981a373152a8b3fa0ab99c198ba0ac0b49a934248?s=96&d=mm&r=g","height":96,"width":96}},"publisher":{"@type":"Organization","name":"hcnv.cz","logo":{"@type":"ImageObject","@id":"\/logo.png","url":"\/logo.png","width":600,"height":60}},"image":{"@type":"ImageObject","@id":"https:\/\/www.hcnv.cz\/wp-content\/uploads\/img_a308352_w2169_t1519464752.jpg","url":"https:\/\/www.hcnv.cz\/wp-content\/uploads\/img_a308352_w2169_t1519464752.jpg","height":0,"width":0},"url":"https:\/\/www.hcnv.cz\/nova-technologie-pro-chytre-parkovani-ve-mestech\/","about":["Technika"],"wordCount":445,"articleBody":"Kdy\u017e nen\u00ed kde zaparkovat, mus\u00edte popoj\u00ed\u017ed\u011bt sem a tam, hledat n\u011bjakou volnou skulinu a ztr\u00e1c\u00edte spoustu \u010dasu a energie. Do jist\u00e9 m\u00edry by tuto situaci pomohl \u0159e\u0161it syst\u00e9m, kter\u00fd v\u00e1s v\u00a0kabin\u011b vozu na voln\u00e9 parkovac\u00ed m\u00edsto upozorn\u00ed.T\u00edmto t\u00e9matem se zab\u00fdvala nap\u0159. konference Smart City Expo v\u00a0pra\u017esk\u00fdch Let\u0148anech. V\u00a0pr\u016fm\u011bru ujedou \u0159idi\u010di v\u00a0\u010cesk\u00e9 republice ka\u017ed\u00fd rok zhruba 7 tis\u00edc km, co\u017e je denn\u011b n\u011bco kolem 20 km. Velmi smutn\u00fdm konstatov\u00e1n\u00edm je fakt, \u017ee celou jednu \u010dtvrtinu z\u00a0t\u00e9to vzd\u00e1lenosti tvo\u0159\u00ed vyhled\u00e1n\u00ed vhodn\u00e9ho m\u00edsta pro zaparkov\u00e1n\u00ed. Konference se p\u0159edev\u0161\u00edm zab\u00fdvala \u00fasporou paliva a sn\u00ed\u017een\u00edm v\u00fdfukov\u00fdch zplodin ve m\u011bstech, pr\u00e1v\u011b v\u00a0souvislosti se zbyte\u010dn\u00fdmi poj\u00ed\u017e\u010fkami p\u0159i parkov\u00e1n\u00ed. \u0158idi\u010d toti\u017e ujede pr\u016fm\u011brn\u011b 4 km, ne\u017e najde parkovac\u00ed m\u00edsto. Nemluv\u011b o lidech, kte\u0159\u00ed maj\u00ed omezenou hybnou schopnost a je pro n\u011b probl\u00e9m parkovat p\u0159\u00edli\u0161 daleko od m\u00edsta, kam sm\u011b\u0159uj\u00ed.\tSmart City ExpoSmart City Expo p\u0159edstavila projekt n\u011bkolika nez\u00e1visl\u00fdch firem na technologii tzv. inteligentn\u00edho parkov\u00e1n\u00ed v\u00a0Praze. Jedna z\u00a0prvn\u00edch pra\u017esk\u00fdch radnic, kter\u00e1 hodl\u00e1 nep\u0159\u00edznivou situaci s\u00a0parkov\u00e1n\u00edm \u0159e\u0161it, je m\u011bstsk\u00fd obvod Praha 3. Samotn\u00fd projekt po\u010d\u00edt\u00e1 se zapojen\u00edm soustavy \u010didel a senzor\u016f, kter\u00e9 sn\u00edmaj\u00ed parkovac\u00ed m\u00edsta na \u00fazem\u00ed tohoto pra\u017esk\u00e9ho obvodu, vyhodnocuj\u00ed voln\u00fd ter\u00e9n pro zaparkov\u00e1n\u00ed, jeho rozm\u011br, a pochopiteln\u011b p\u0159esnou GPS polohu. N\u011bkter\u00e1 za\u0159\u00edzen\u00ed dok\u00e1\u017eou dokonce po propojen\u00ed s\u00a0\u0159idi\u010dem ve voze rezervovat parkovac\u00ed m\u00edsto. Prvn\u00ed pilotn\u00ed projekt se chyst\u00e1 na\u00a0Havl\u00ed\u010dkov\u011b n\u00e1m\u011bst\u00ed v\u00a0Praze 3.\tSiemens Smart ParkingChytr\u00fdm parkov\u00e1n\u00edm se zab\u00fdv\u00e1 n\u011bkolik firem, kup\u0159\u00edkladu n\u011bmeck\u00e1 firma Siemens vyv\u00edj\u00ed \u010didla pro technologii Siemens Smart Parking. Jedn\u00e1 se o s\u00ed\u0165 sn\u00edma\u010d\u016f, kter\u00e9 \u0159idi\u010de nasm\u011bruj\u00ed k\u00a0voln\u00e9mu parkovac\u00edmu m\u00edstu, nebo t\u0159eba k\u00a0ordinaci l\u00e9ka\u0159e, pomoc\u00ed mobiln\u00edho telefonu.Zaj\u00edmav\u00e9 \u0159e\u0161en\u00ed je i radarov\u00e9 sn\u00edm\u00e1n\u00ed, kter\u00e9 m\u00e1 sice men\u0161\u00ed rozli\u0161ovac\u00ed schopnost ne\u017e s\u00ed\u0165 \u010didel, ale nemus\u00ed se \u0159e\u0161it, na rozd\u00edl od \u010didel, pr\u00e1vn\u00ed regule na ochranu osobn\u00edch \u00fadaj\u016f. Radarov\u00e9 syst\u00e9my se nyn\u00ed testuj\u00ed nap\u0159. v\u00a0Berl\u00edn\u011b, instaluj\u00ed se na lampy pouli\u010dn\u00edho osv\u011btlen\u00ed a na fas\u00e1dy budov, v\u00fdhodou je jejich vyu\u017eit\u00ed i v\u00a0nep\u0159\u00edzniv\u00fdch klimatick\u00fdch podm\u00ednk\u00e1ch.                                                                                                                                                                                                                                                                                                                                                                                        4.3\/5 - (9 votes)        "},{"@context":"https:\/\/schema.org\/","@type":"BreadcrumbList","itemListElement":[{"@type":"ListItem","position":1,"name":"Nov\u00e1 technologie pro chytr\u00e9 parkov\u00e1n\u00ed ve m\u011bstech","item":"https:\/\/www.hcnv.cz\/nova-technologie-pro-chytre-parkovani-ve-mestech\/#breadcrumbitem"}]}]