[{"@context":"https:\/\/schema.org\/","@type":"Article","@id":"https:\/\/www.hcnv.cz\/zaloby-na-intel\/#Article","mainEntityOfPage":"https:\/\/www.hcnv.cz\/zaloby-na-intel\/","headline":"\u017daloby na Intel","name":"\u017daloby na Intel","description":"Softwarov\u00fd gigant sice vydal jak\u00e9s tak\u00e9s z\u00e1platy, nebo chcete-li opravy, ale co jsou platn\u00e9, kdy\u017e...","datePublished":"2025-02-28","dateModified":"2023-05-01","author":{"@type":"Person","@id":"https:\/\/www.hcnv.cz\/author\/#Person","name":"hcnv.cz\n","url":"https:\/\/www.hcnv.cz\/author\/","identifier":1,"image":{"@type":"ImageObject","@id":"https:\/\/secure.gravatar.com\/avatar\/5667bceccdce92893bac6a7981a373152a8b3fa0ab99c198ba0ac0b49a934248?s=96&d=mm&r=g","url":"https:\/\/secure.gravatar.com\/avatar\/5667bceccdce92893bac6a7981a373152a8b3fa0ab99c198ba0ac0b49a934248?s=96&d=mm&r=g","height":96,"width":96}},"publisher":{"@type":"Organization","name":"hcnv.cz","logo":{"@type":"ImageObject","@id":"\/logo.png","url":"\/logo.png","width":600,"height":60}},"image":{"@type":"ImageObject","@id":"https:\/\/www.hcnv.cz\/wp-content\/uploads\/img_a308693_w2189_t1519808363.jpg","url":"https:\/\/www.hcnv.cz\/wp-content\/uploads\/img_a308693_w2189_t1519808363.jpg","height":0,"width":0},"url":"https:\/\/www.hcnv.cz\/zaloby-na-intel\/","wordCount":480,"articleBody":"Softwarov\u00fd gigant sice vydal jak\u00e9s tak\u00e9s z\u00e1platy, nebo chcete-li opravy, ale co jsou platn\u00e9, kdy\u017e chyby byly daleko d\u0159\u00edve, a je hodn\u011b pravd\u011bpodobn\u00e9, \u017ee n\u011bjak\u00e9 \u0161kody nap\u00e1chaly. Jak ve sv\u00e9m \u010dl\u00e1nku upozorniil server ArsTechnica. Ten tak\u00e9 p\u00ed\u0161e, \u017ee spole\u010dnost byla obvin\u011bna z\u00a0ne\u010dinnosti.Mysl\u00edm, \u017ee je podru\u017en\u00e9, kdo je konkr\u00e9tn\u00ed \u017ealobce. Kdy\u017e se p\u0159idr\u017e\u00edme faktu, \u017ee kritick\u00e1 situace nastala a Intel informoval, jak informoval, nen\u00ed se co divit, \u017ee bude muset \u010delit \u017ealob\u00e1m. Z\u00e1stupci Intelu se k\u00a0nim zat\u00edm v\u016fbec nevyj\u00e1d\u0159ili a je mo\u017en\u00e9, \u017ee se budou cht\u00edt rad\u011bji vyrovnat mimosoudn\u00ed cestou.Je vid\u011bt, \u017ee bagatelizace probl\u00e9mu se Intelu siln\u011b vymstila. P\u0159itom je prok\u00e1z\u00e1no, \u017ee jen v\u00a0lednu vzniklo \u00fadajn\u011b p\u0159es sto \u010dty\u0159icet vir\u016f speci\u00e1ln\u011b vyu\u017e\u00edvaj\u00edc\u00edch zm\u00edn\u011bn\u00e9 chyby. Obrana proti nim nebyla, neb jak jsem psal v\u00a0p\u0159edchoz\u00edm \u010dl\u00e1nku, nelze pracovat s\u00a0adresn\u00edm prostorem. Neum\u00ed to ani \u017e\u00e1dn\u00fd antivir.\u00a0Autor \u010dl\u00e1nku, Peter Bright, co\u017e je technologick\u00fd redaktor spole\u010dnosti (mimo jin\u00e9 funkce) se ve sv\u00e9m \u010dl\u00e1nku pou\u0161t\u00ed je\u0161t\u011b d\u00e1le a podle mne tak tro\u0161ku i na tenk\u00fd led. Tvrd\u00ed v\u00a0n\u011bm toti\u017e, \u017ee gener\u00e1ln\u00ed \u0159editel Intelu Brian Krzanich prodal v\u0161echny akcie, kter\u00e9 mohl. A to pr\u00e1v\u011b vyvolalo spekulaci o jist\u00e9m obchodov\u00e1n\u00ed s\u00a0informacemi. Spole\u010dnost jako takov\u00e1 to sice zam\u00edtla s\u00a0t\u00edm, \u017ee akcie nemaj\u00ed s\u00a0bezpe\u010dnost\u00ed nic spole\u010dn\u00e9ho, ale\u2026V\u00a0ka\u017ed\u00e9m p\u0159\u00edpad\u011b v\u00a0tom Intel nel\u00edt\u00e1 s\u00e1m, byly objeveny chyby i jinde, nap\u0159\u00edklad u \u010dip\u016f na platform\u011b ARM, kter\u00e9 jsou p\u0159ev\u00e1\u017en\u011b v\u00a0mobilech. Drobnosti tak\u00e9 u AMD, ale ob\u011b spole\u010dnosti se ji\u017e postaraly o n\u00e1pravu. Ov\u0161em chyba v\u00a0Intelovsk\u00fdch procesorech a n\u00e1sledn\u00e9m \u00fatoku m\u016f\u017ee zpomalit po\u010d\u00edta\u010d a\u017e o pades\u00e1t procent, co\u017e jsou ty druh\u00e9 proti tomu naprostou banalitou.M\u016f\u017eeme jen spekulovat, jak cel\u00fd spor dopadne. Pokud bude muset Intel platit, lze o\u010dek\u00e1vat, \u017ee \u017ealobc\u016f bude p\u0159ib\u00fdvat a p\u0159ib\u00fdvat. V\u0161ichni se budou cht\u00edt hojit. Pak ov\u0161em tak\u00e9 padne ot\u00e1zka, kolik pen\u011bz to bude Intel st\u00e1t. No, drobn\u00e9 to nebudou to je jist\u00e9. Ale \u017ee by to firmu polo\u017eilo, to asi tak\u00e9 ne. Ta m\u00e1 v\u00a0sou\u010dasnosti p\u0159es 85\u00a0500 zam\u011bstnanc\u016f po cel\u00e9m sv\u011bt\u011b a ro\u010dn\u011b ud\u00e1v\u00e1 obrat kolem \u010dty\u0159iceti miliard. Domn\u00edv\u00e1m se, \u017ee p\u0159\u00edpadn\u00e9 pokuty a dal\u0161\u00ed n\u00e1klady sice firmu, jak se \u0159\u00edk\u00e1, zakrv\u00e1c\u00ed, ale zcela ur\u010dit\u011b ji to neubl\u00ed\u017e\u00ed natolik aby se zachv\u011bla v\u00a0z\u00e1kladech, nato\u017e aby zcela definitivn\u011b zkrachovala.                                                                                                                                                                                                                                                                                                                                                                                        4.1\/5 - (7 votes)        "},{"@context":"https:\/\/schema.org\/","@type":"BreadcrumbList","itemListElement":[{"@type":"ListItem","position":1,"name":"\u017daloby na Intel","item":"https:\/\/www.hcnv.cz\/zaloby-na-intel\/#breadcrumbitem"}]}]